{"id":1430,"date":"2022-08-18T22:54:41","date_gmt":"2022-08-18T20:54:41","guid":{"rendered":"https:\/\/ticino-gastronomico.ch\/grotte-madonna-della-fontana\/"},"modified":"2023-10-12T22:59:51","modified_gmt":"2023-10-12T20:59:51","slug":"grotto-madonna-della-fontana","status":"publish","type":"post","link":"https:\/\/ticino-gastronomico.ch\/de\/grotto-madonna-della-fontana\/","title":{"rendered":"Grotto Madonna della Fontana &#8211; Ascona"},"content":{"rendered":"\n<p class=\"has-text-align-center\">Auf<strong> <\/strong> den H\u00fcgeln, mitten im Wald, an der Stra\u00dfe von San Materno zum Monte Verit\u00e0,<br>finden Sie diese einzigartige Grotto in Ascona. Es befindet sich direkt neben der bekannten Kirche Madonna della Fontana und verf\u00fcgt \u00fcber eigene Parkpl\u00e4tze und eine gro\u00dfe Terrasse.<br>Im Inneren befinden sich zwei gem\u00fctliche Aufenthaltsr\u00e4ume, beide mit Kaminen,<br>die bei schlechtem Wetter eine ganz besondere Atmosph\u00e4re bringen.<\/p>\n\n\n\n<p class=\"has-text-align-center\">Der Gesch\u00e4ftsf\u00fchrer Paolo Annis kocht f\u00fcr Sie seine Spezialit\u00e4ten, alles hausgemacht!<\/p>\n","protected":false},"excerpt":{"rendered":"<p>Auf den H\u00fcgeln, mitten im Wald, an der Stra\u00dfe von San Materno zum Monte Verit\u00e0,finden Sie diese einzigartige Grotto in Ascona. Es befindet sich direkt neben der bekannten Kirche Madonna della Fontana und verf\u00fcgt \u00fcber eigene Parkpl\u00e4tze und eine gro\u00dfe Terrasse.Im Inneren befinden sich zwei gem\u00fctliche Aufenthaltsr\u00e4ume, beide mit Kaminen,die bei schlechtem Wetter eine ganz [&hellip;]<\/p>\n","protected":false},"author":656,"featured_media":1041,"comment_status":"open","ping_status":"open","sticky":false,"template":"","format":"standard","meta":{"_acf_changed":false,"_seopress_robots_primary_cat":"none","_seopress_titles_title":"","_seopress_titles_desc":"","_seopress_robots_index":"","footnotes":""},"categories":[37,40],"tags":[46],"class_list":["post-1430","post","type-post","status-publish","format-standard","has-post-thumbnail","hentry","category-gaststatten-grotti","category-locarno","tag-grotto"],"acf":[],"_links":{"self":[{"href":"https:\/\/ticino-gastronomico.ch\/de\/wp-json\/wp\/v2\/posts\/1430","targetHints":{"allow":["GET"]}}],"collection":[{"href":"https:\/\/ticino-gastronomico.ch\/de\/wp-json\/wp\/v2\/posts"}],"about":[{"href":"https:\/\/ticino-gastronomico.ch\/de\/wp-json\/wp\/v2\/types\/post"}],"author":[{"embeddable":true,"href":"https:\/\/ticino-gastronomico.ch\/de\/wp-json\/wp\/v2\/users\/656"}],"replies":[{"embeddable":true,"href":"https:\/\/ticino-gastronomico.ch\/de\/wp-json\/wp\/v2\/comments?post=1430"}],"version-history":[{"count":16,"href":"https:\/\/ticino-gastronomico.ch\/de\/wp-json\/wp\/v2\/posts\/1430\/revisions"}],"predecessor-version":[{"id":44749,"href":"https:\/\/ticino-gastronomico.ch\/de\/wp-json\/wp\/v2\/posts\/1430\/revisions\/44749"}],"wp:featuredmedia":[{"embeddable":true,"href":"https:\/\/ticino-gastronomico.ch\/de\/wp-json\/wp\/v2\/media\/1041"}],"wp:attachment":[{"href":"https:\/\/ticino-gastronomico.ch\/de\/wp-json\/wp\/v2\/media?parent=1430"}],"wp:term":[{"taxonomy":"category","embeddable":true,"href":"https:\/\/ticino-gastronomico.ch\/de\/wp-json\/wp\/v2\/categories?post=1430"},{"taxonomy":"post_tag","embeddable":true,"href":"https:\/\/ticino-gastronomico.ch\/de\/wp-json\/wp\/v2\/tags?post=1430"}],"curies":[{"name":"wp","href":"https:\/\/api.w.org\/{rel}","templated":true}]}}