{"id":6600,"date":"2022-08-29T22:18:36","date_gmt":"2022-08-29T20:18:36","guid":{"rendered":"https:\/\/ticino-gastronomico.ch\/le-marche-de-bellinzona\/"},"modified":"2024-11-17T19:12:55","modified_gmt":"2024-11-17T18:12:55","slug":"le-marche-de-bellinzona","status":"publish","type":"post","link":"https:\/\/ticino-gastronomico.ch\/fr\/le-marche-de-bellinzona\/","title":{"rendered":"Le march\u00e9 de Bellinzona"},"content":{"rendered":"\n<p>Le march\u00e9 de Bellinzona est un \u00e9v\u00e9nement populaire qui s&rsquo;est impos\u00e9 comme l&rsquo;une des traditions les plus pr\u00e9cieuses du Tessin. Dans le centre historique de la ville, parmi les enseignes des anciennes auberges, des <strong>\u00e9tals color\u00e9s<\/strong> et bien agenc\u00e9s incitent les visiteurs \u00e0 acheter des produits frais de qualit\u00e9 et de pr\u00e9sentation \u00e0 des prix avantageux.<br\/><br\/>Le march\u00e9 propose <strong>les meilleurs produits de l&rsquo;horticulture et de l&rsquo;arboriculture tessinoise et les premiers fruits et l\u00e9gumes de la saison<\/strong>; des sp\u00e9cialit\u00e9s de charcuterie pr\u00e9par\u00e9es selon d&rsquo;anciennes recettes maison et de savoureux fromages des vall\u00e9es avec du bon pain tessinois sont en vente ; le tout dans un d\u00e9cor de fleurs de saison.<br\/><br\/>Outre les plaisirs de la table, on y trouve une vari\u00e9t\u00e9 d&rsquo;autres articles, des bibelots aux v\u00eatements, de la quincaillerie aux plus beaux objets artisanaux, dont certains sont \u00e9galement fabriqu\u00e9s sur place sous les yeux curieux du visiteur. Le march\u00e9 est devenu un agr\u00e9able lieu de rencontre pour la population et de nombreux restaurateurs proposent un bon d\u00e9jeuner tessinois \u00e0 des prix modestes.<br\/><br\/>Quand :<br\/><br\/><strong>Samedi de 7 h 30 \u00e0 13 h &#8211; version compl\u00e8te du march\u00e9 (toute l&rsquo;ann\u00e9e)<\/strong><br\/> <\/p>\n\n<p><strong>Mercredi de 10 h \u00e0 17 h &#8211; version r\u00e9duite du march\u00e9 :<\/strong><\/p>\n\n<p><br\/>27 mars &#8211; 26 juin 2024 4 septembre &#8211; 30 octobre 2024<\/p>\n\n<p><br\/><br\/>M<strong>arch\u00e9 d&rsquo;octobre :<\/strong> dimanche 13 octobre dimanche 20 octobre<\/p>\n\n<p><a href=\"https:\/\/www.commercianti-bellinzona.ch\/mercato-del-sabato\">Pour plus d&rsquo;informations<\/a><\/p>\n\n<p>.<\/p>\n","protected":false},"excerpt":{"rendered":"<p>Le march\u00e9 de Bellinzona est un \u00e9v\u00e9nement populaire qui s&rsquo;est impos\u00e9 comme l&rsquo;une des traditions les plus pr\u00e9cieuses du Tessin. Dans le centre historique de la ville, parmi les enseignes des anciennes auberges, des \u00e9tals color\u00e9s et bien agenc\u00e9s incitent les visiteurs \u00e0 acheter des produits frais de qualit\u00e9 et de pr\u00e9sentation \u00e0 des prix [&hellip;]<\/p>\n","protected":false},"author":656,"featured_media":6262,"comment_status":"open","ping_status":"open","sticky":false,"template":"","format":"standard","meta":{"_acf_changed":false,"_seopress_robots_primary_cat":"","_seopress_titles_title":"march\u00e9 bellinzona","_seopress_titles_desc":"","_seopress_robots_index":"","footnotes":""},"categories":[22],"tags":[141,168,167,97],"class_list":["post-6600","post","type-post","status-publish","format-standard","has-post-thumbnail","hentry","category-non-classifiee","tag-a-faire-au-tessin","tag-bellinzone","tag-marche","tag-tessin"],"acf":[],"_links":{"self":[{"href":"https:\/\/ticino-gastronomico.ch\/fr\/wp-json\/wp\/v2\/posts\/6600","targetHints":{"allow":["GET"]}}],"collection":[{"href":"https:\/\/ticino-gastronomico.ch\/fr\/wp-json\/wp\/v2\/posts"}],"about":[{"href":"https:\/\/ticino-gastronomico.ch\/fr\/wp-json\/wp\/v2\/types\/post"}],"author":[{"embeddable":true,"href":"https:\/\/ticino-gastronomico.ch\/fr\/wp-json\/wp\/v2\/users\/656"}],"replies":[{"embeddable":true,"href":"https:\/\/ticino-gastronomico.ch\/fr\/wp-json\/wp\/v2\/comments?post=6600"}],"version-history":[{"count":5,"href":"https:\/\/ticino-gastronomico.ch\/fr\/wp-json\/wp\/v2\/posts\/6600\/revisions"}],"predecessor-version":[{"id":54237,"href":"https:\/\/ticino-gastronomico.ch\/fr\/wp-json\/wp\/v2\/posts\/6600\/revisions\/54237"}],"wp:featuredmedia":[{"embeddable":true,"href":"https:\/\/ticino-gastronomico.ch\/fr\/wp-json\/wp\/v2\/media\/6262"}],"wp:attachment":[{"href":"https:\/\/ticino-gastronomico.ch\/fr\/wp-json\/wp\/v2\/media?parent=6600"}],"wp:term":[{"taxonomy":"category","embeddable":true,"href":"https:\/\/ticino-gastronomico.ch\/fr\/wp-json\/wp\/v2\/categories?post=6600"},{"taxonomy":"post_tag","embeddable":true,"href":"https:\/\/ticino-gastronomico.ch\/fr\/wp-json\/wp\/v2\/tags?post=6600"}],"curies":[{"name":"wp","href":"https:\/\/api.w.org\/{rel}","templated":true}]}}